{"id":176,"date":"2017-10-19T14:25:07","date_gmt":"2017-10-19T14:25:07","guid":{"rendered":"http:\/\/localhost\/wordpress_FIJR_2018\/?p=176"},"modified":"2017-10-19T14:25:07","modified_gmt":"2017-10-19T14:25:07","slug":"regresa-el-festival-internacional-de-jovenes-realizadores-a-granada","status":"publish","type":"post","link":"https:\/\/www.filmfest-granada.com\/2018\/2017\/10\/19\/regresa-el-festival-internacional-de-jovenes-realizadores-a-granada\/","title":{"rendered":"Regresa el Festival Internacional de J\u00f3venes Realizadores a Granada"},"content":{"rendered":"<p><span class=\"s1\"><b><img fetchpriority=\"high\" decoding=\"async\" class=\"size-large wp-image-180 aligncenter\" src=\"https:\/\/www.filmfest-granada.com\/2018\/wp-content\/uploads\/sites\/2\/2017\/10\/IMG_6270-1024x694.jpg\" alt=\"\" width=\"740\" height=\"502\" srcset=\"https:\/\/www.filmfest-granada.com\/2018\/wp-content\/uploads\/sites\/2\/2017\/10\/IMG_6270-1024x694.jpg 1024w, https:\/\/www.filmfest-granada.com\/2018\/wp-content\/uploads\/sites\/2\/2017\/10\/IMG_6270-300x203.jpg 300w, https:\/\/www.filmfest-granada.com\/2018\/wp-content\/uploads\/sites\/2\/2017\/10\/IMG_6270-768x520.jpg 768w, https:\/\/www.filmfest-granada.com\/2018\/wp-content\/uploads\/sites\/2\/2017\/10\/IMG_6270-2000x1355.jpg 2000w\" sizes=\"(max-width: 740px) 100vw, 740px\" \/><\/b><\/span><\/p>\n<ul>\n<li><span class=\"s1\"><b>Del 13 al 19 de noviembre el Centro Lorca acoger\u00e1 una selecci\u00f3n de largometrajes y cortometrajes premiados en festivales internacionales.<\/b><\/span><\/li>\n<li class=\"p4\"><span class=\"s1\"><b>La vig\u00e9simo tercera edici\u00f3n del FIJR se expande por la ciudad y apuesta por el cine en las aulas, el cine en familia y el cine de apropiaci\u00f3n.<\/b><\/span><\/li>\n<li class=\"p4\"><span class=\"s1\"><b>El director Fernando Franco y la videoartista Mar\u00eda Ca\u00f1as mantendr\u00e1n encuentros con el p\u00fablico y los estudiantes.<\/b><\/span><\/li>\n<\/ul>\n<p class=\"p5\"><span class=\"s1\"><b>Granada, 19 octubre de 2017.- <\/b>El Festival de J\u00f3venes Realizadores regresa a Granada con una vig\u00e9simo tercera edici\u00f3n que se celebrar\u00e1 del 13 al 19 de noviembre. La ma\u00f1ana del mi\u00e9rcoles 18 de octubre tuvo lugar su presentaci\u00f3n en rueda de prensa en el Ayuntamiento de Granada, a la que asistieron los representantes de las distintas instituciones organizadoras. La Concejala de Cultura <b>Mar\u00eda de Leyva<\/b> record\u00f3 que tras un a\u00f1o de ausencia \u201c<i>es un d\u00eda muy importante para esta Concejal\u00eda, ya que el a\u00f1o pasado no pudimos contar con la partida presupuestaria suficiente para celebrar el festival<\/i>\u201d, se\u00f1alando su valor de futuro: <i>\u201cNo olvidemos que de estas aulas saldr\u00e1n los futuros participantes en el Festival de J\u00f3venes Realizadores, y que estos alumnos ser\u00e1n los que creen la Granada Capital Cultural Europea en 2031\u201d<\/i>.<\/span><\/p>\n<p class=\"p5\"><span class=\"s1\">La Diputada Provincial de Cultura y Memoria Hist\u00f3rica, <b>F\u00e1tima G\u00f3mez Abad<\/b>, incidi\u00f3 en las dificultades para mantener con vida el FIJR, <i>\u201ccasi puedo decir que ha sido un acto de fe y de empe\u00f1o sacar adelante este festival. No solo hablo del aspecto econ\u00f3mico, sino de mucho m\u00e1s\u201d, <\/i>cuya idiosincrasia se ha querido recuperar: <i>\u201cEs el festival m\u00e1s veterano y el m\u00e1s joven y fresco por otro lado. Al asumir la direcci\u00f3n Jos\u00e9 Luis Chac\u00f3n volvemos a los or\u00edgenes y a dar esa esencia que tuvo en sus inicios\u201d<\/i>. Por su parte, <b>Guillermo Quero<\/b>, Delegado de Cultura de la Junta de Andaluc\u00eda, subray\u00f3 la importancia de su regreso: <i>\u201cEste es un festival que cumple con los principales objetivos de las administraciones, acercar la cultura a la ciudadan\u00eda y dotar de un espacio para que los creadores m\u00e1s j\u00f3venes tengan la oportunidad de desarrollar su trabajo y demostrar su talento\u201d<\/i>.<\/span><\/p>\n<p class=\"p5\"><span class=\"s1\">Un festival que en palabras de su director <i>\u201caspira a ser reflejo de lo que es Granada. Una y m\u00faltiple, heredera de un rico patrimonio cultural que al mismo tiempo desborda con juventud y distintas lenguas sus calles y plazas\u201d<\/i>. <b>Jos\u00e9 Luis Chac\u00f3n<\/b> agradeci\u00f3 a los organizadores y colaboradores <i>\u201cporque sin ellos este Festival ser\u00eda mucho m\u00e1s peque\u00f1o. Sin el consenso de las instituciones, empresas y asociaciones participantes, amigos todos a los que hemos tocado a la puerta y nos la han abierto, sin un equipo activo y nuevo, sin unos invitados que anteponen su estancia en Granada al dinero, este festival realmente no ser\u00eda posible. Hacemos de menos, m\u00e1s. Somos creyentes del cinema, dec\u00eda Val del Omar. Y somos realmente creyentes del cinema, pero no hacemos milagros\u201d<\/i>.<\/span><\/p>\n<p><img decoding=\"async\" class=\"alignnone wp-image-209 size-large\" src=\"https:\/\/www.filmfest-granada.com\/2018\/wp-content\/uploads\/sites\/2\/2017\/10\/IMG_6285-copia-1024x635.jpg\" alt=\"\" width=\"740\" height=\"459\" srcset=\"https:\/\/www.filmfest-granada.com\/2018\/wp-content\/uploads\/sites\/2\/2017\/10\/IMG_6285-copia-1024x635.jpg 1024w, https:\/\/www.filmfest-granada.com\/2018\/wp-content\/uploads\/sites\/2\/2017\/10\/IMG_6285-copia-300x186.jpg 300w, https:\/\/www.filmfest-granada.com\/2018\/wp-content\/uploads\/sites\/2\/2017\/10\/IMG_6285-copia-768x477.jpg 768w, https:\/\/www.filmfest-granada.com\/2018\/wp-content\/uploads\/sites\/2\/2017\/10\/IMG_6285-copia.jpg 2000w\" sizes=\"(max-width: 740px) 100vw, 740px\" \/><\/p>\n<h3 class=\"p6\"><span class=\"s1\"><b>PRESENTACI\u00d3N DEL CARTEL Y PROGRAMACION<\/b><\/span><\/h3>\n<p class=\"p5\"><span class=\"s1\"><i>\u201cLa met\u00e1fora que subyace en el cartel y la imagen del festival, dise\u00f1ados por <\/i><b><i>Marta V\u00e1zquez<\/i><\/b><i>, a\u00fana el renacimiento del verdor que se impone, o no, a la c\u00e1mara de cine, sobre una l\u00e1mina de un cat\u00e1logo antiguo de la que se ha arrancado una p\u00e1gina. Lo viejo y lo nuevo, lo diverso y lo uno\u201d<\/i>, explic\u00f3 <b>Chac\u00f3n<\/b>, que cerr\u00f3 su intervenci\u00f3n haciendo <i>\u201cun llamamiento a instituciones y empresas, pero tambi\u00e9n a los ciudadanos y espectadores, para participar y ayudar sostener y ampliar los presupuestos de un festival que es patrimonio cultural de Granada\u201d<\/i>, que se inaugurar\u00e1 el 13 de noviembre en el Centro Jos\u00e9 Guerrero con un acto de experimentaci\u00f3n audiovisual a cargo de <b>Miguel Aparicio<\/b> y <b>Eklektika<\/b>, homenaje a <b>Julio Juste<\/b> y al festival inCINEraci\u00f3n.<\/span><\/p>\n<p class=\"p5\"><span class=\"s1\"><b>Maite Garc\u00eda Ribot<\/b>, subdirectora del FIJR, introdujo las l\u00edneas maestras, el contenido y el criterio de la programaci\u00f3n: <i>\u201cEl festival ha vuelto con la intenci\u00f3n de quedarse y con ganas de ser una cita fundamental en la agenda cultural granadina, as\u00ed como en el panorama nacional e internacional. Esta edici\u00f3n ser\u00e1 un festival boutique, va a haber muy pocas cosas pero de much\u00edsima calidad. El Centro Lorca acoger\u00e1 gran parte de la programaci\u00f3n, primeras obras que han sido premiadas en grandes festivales y que ser\u00e1n preestrenos en Granada<\/i>.<\/span><\/p>\n<p class=\"p5\"><span class=\"s1\">La secci\u00f3n oficial de largometrajes estar\u00e1 compuesta por <i>Jeune femme<\/i> (<b>L\u00e9onor Serraille<\/b>), C\u00e1mara de Oro a la Mejor \u00d3pera Prima en el Festival de Cannes; <i>K\u00e9kszak\u00e1ll\u00fa <\/i>(<b>Gaston Solnicki<\/b>), Premio FIPRESCI en Venecia; <i>Western<\/i> (<b>Valeska Grisebach<\/b>), estrenada en la secci\u00f3n Un Certain Regard del Festival de Cannes; y <i>Custodia Compartida<\/i> (<b>Xavier Legrand<\/b>), Le\u00f3n de Plata al Mejor Director y Mejor \u00d3pera Prima en Venecia. Los cortometrajes seguir\u00e1n teniendo su espacio con Animac Camina &#8211; Contra el viento, programa de cine de animaci\u00f3n comisariado por el Festival Animac; una sesi\u00f3n de cortometrajes nacionales, seleccionada por el festival itinerante CortoEspa\u00f1a; y un programa de cortometrajes de realizadores alemanes, premiados recientemente en festivales, comisariado por el Goethe Institut.<\/span><\/p>\n<p class=\"p5\"><span class=\"s1\">Una de las mayores apuestas de esta edici\u00f3n del festival consiste en acercar el cine a los nuevos espectadores y fomentar un di\u00e1logo cr\u00edtico entre las im\u00e1genes y el espectador:\u00a0\u00a0<i>\u201cEn la secci\u00f3n paralela hemos querido hacer especial hincapi\u00e9 en la formaci\u00f3n y pedagog\u00eda para ver y hacer cine, con una programaci\u00f3n dedicada especialmente a la juventud y los universitarios. Habr\u00e1 Cine en las aulas, cine en familia, cine de apropiaci\u00f3n, una Master Class de <\/i><b><i>Mar\u00eda Ca\u00f1as <\/i><\/b><i>y un encuentro con <\/i><b><i>Fernando Franco<\/i><\/b><i> tras la proyecci\u00f3n de su segunda pel\u00edcula, Morir\u201d<\/i>, explic\u00f3 la subdirectora.<\/span><\/p>\n<h3 class=\"p6\"><span class=\"s1\"><b>CREACI\u00d3N DEL PREMIO AGUAESPEJO<\/b><\/span><\/h3>\n<p class=\"p5\"><span class=\"s1\">Adem\u00e1s, la fundaci\u00f3n Agua Granada convoca el <b>Premio Aguaespejo<\/b>, dirigido especialmente a estudiantes de cine y Comunicaci\u00f3n Audiovisual, pero tambi\u00e9n abierto a aficionados y profesionales. Se trata de un certamen de cortos de treinta segundos, con un m\u00e1ximo de tres planos, alrededor de tres fases de David Lynch, Jonas Mekas y Jos\u00e9 Val del Omar, lemas del festival. En la clausura, un jurado formado por <b>Emilio Egea<\/b> (realizador y antiguo director del FIJR), <b>Carmen Sigler<\/b> (videoartista), <b>Mar Garrido<\/b> (artista y profesora de la UGR) y <b>Julio Juste<\/b> (artista y director de inCINEraci\u00f3n) har\u00e1 entrega de los premios y se proyectar\u00e1 el fen\u00f3meno del cine documental espa\u00f1ol de este a\u00f1o, <i>Converso<\/i>. Una pel\u00edcula dirigida por <b>David Arratibel<\/b> y premiada en el Festival de M\u00e1laga, Punto de Vista y Alcances C\u00e1diz.<\/span><\/p>\n<p class=\"p5\"><span class=\"s1\">La vig\u00e9simo tercera edici\u00f3n del Festival de J\u00f3venes Realizadores se celebrar\u00e1 del 13 al 19 de noviembre y ha sido promovida por <b>Ayuntamiento de Granada<\/b>, <b>Diputaci\u00f3n de Granada<\/b>, <b>Emasagra<\/b> y <b>Fundaci\u00f3n Agua Granada<\/b>, con la colaboraci\u00f3n del <b>Centro Federico Garc\u00eda Lorca<\/b>, <b>Universidad de Granada<\/b>, <b>Facultad de Bellas Artes<\/b>, <b>La Madraza<\/b>, <b>Junta de Andaluc\u00eda<\/b>, <b>Centro Jos\u00e9 Guerrero<\/b>, <b>Goethe Institut<\/b>, <b>inCINEraci\u00f3n<\/b>, <b>cinEd<\/b>, <b>A Bao A Qu<\/b> y <b>Foco Henri Langlois<\/b>.<\/span><\/p>\n<p><img decoding=\"async\" class=\"aligncenter wp-image-153\" src=\"https:\/\/www.filmfest-granada.com\/2018\/wp-content\/uploads\/sites\/2\/2017\/10\/poster-OK.png\" alt=\"\" width=\"1000\" height=\"1414\" srcset=\"https:\/\/www.filmfest-granada.com\/2018\/wp-content\/uploads\/sites\/2\/2017\/10\/poster-OK.png 701w, https:\/\/www.filmfest-granada.com\/2018\/wp-content\/uploads\/sites\/2\/2017\/10\/poster-OK-212x300.png 212w\" sizes=\"(max-width: 1000px) 100vw, 1000px\" \/><\/p>\n","protected":false},"excerpt":{"rendered":"<p><span class=\"s1\">El Festival de J\u00f3venes Realizadores regresa a Granada con una vig\u00e9simo tercera edici\u00f3n que se celebrar\u00e1 del 13 al 19 de noviembre. La ma\u00f1ana del mi\u00e9rcoles 18 de octubre tuvo lugar su presentaci\u00f3n en rueda de prensa en el Ayuntamiento de Granada.<\/span><\/p>\n","protected":false},"author":1,"featured_media":187,"comment_status":"closed","ping_status":"closed","sticky":false,"template":"","format":"standard","meta":{"footnotes":""},"categories":[4],"tags":[6,17,33,34,62,68],"class_list":["post-176","post","type-post","status-publish","format-standard","has-post-thumbnail","hentry","category-noticias","tag-23fijr","tag-cine","tag-festival-internacional-de-jovenes-realizadores","tag-fijr","tag-noticias","tag-rueda-de-prensa"],"_links":{"self":[{"href":"https:\/\/www.filmfest-granada.com\/2018\/wp-json\/wp\/v2\/posts\/176","targetHints":{"allow":["GET"]}}],"collection":[{"href":"https:\/\/www.filmfest-granada.com\/2018\/wp-json\/wp\/v2\/posts"}],"about":[{"href":"https:\/\/www.filmfest-granada.com\/2018\/wp-json\/wp\/v2\/types\/post"}],"author":[{"embeddable":true,"href":"https:\/\/www.filmfest-granada.com\/2018\/wp-json\/wp\/v2\/users\/1"}],"replies":[{"embeddable":true,"href":"https:\/\/www.filmfest-granada.com\/2018\/wp-json\/wp\/v2\/comments?post=176"}],"version-history":[{"count":0,"href":"https:\/\/www.filmfest-granada.com\/2018\/wp-json\/wp\/v2\/posts\/176\/revisions"}],"wp:featuredmedia":[{"embeddable":true,"href":"https:\/\/www.filmfest-granada.com\/2018\/wp-json\/wp\/v2\/media\/187"}],"wp:attachment":[{"href":"https:\/\/www.filmfest-granada.com\/2018\/wp-json\/wp\/v2\/media?parent=176"}],"wp:term":[{"taxonomy":"category","embeddable":true,"href":"https:\/\/www.filmfest-granada.com\/2018\/wp-json\/wp\/v2\/categories?post=176"},{"taxonomy":"post_tag","embeddable":true,"href":"https:\/\/www.filmfest-granada.com\/2018\/wp-json\/wp\/v2\/tags?post=176"}],"curies":[{"name":"wp","href":"https:\/\/api.w.org\/{rel}","templated":true}]}}