{"id":249,"date":"2017-10-20T17:23:53","date_gmt":"2017-10-20T17:23:53","guid":{"rendered":"http:\/\/localhost\/wordpress_FIJR_2018\/?p=249"},"modified":"2017-10-20T17:23:53","modified_gmt":"2017-10-20T17:23:53","slug":"granada-dice-adios-al-artista-jienense-julio-juste","status":"publish","type":"post","link":"https:\/\/www.filmfest-granada.com\/2018\/2017\/10\/20\/granada-dice-adios-al-artista-jienense-julio-juste\/","title":{"rendered":"Granada dice adi\u00f3s al artista jienense Julio Juste"},"content":{"rendered":"<p>Este viernes nos ha consternado la triste e inesperada noticia de la muerte del artista <strong>Julio Juste<\/strong>, figura reconocible de la ciudad, colaborador del FIJR y creador de inCINEraci\u00f3n, certamen al que el Festival Internacional de J\u00f3venes Realizadores dedicar\u00e1 un homenaje en su inauguraci\u00f3n, que tendr\u00e1 lugar el 13 de noviembre en el Centro Jos\u00e9 Guerrero. Precisamente hoy Julio Juste ten\u00eda previsto inaugurar en Condes de Gabia su \u00faltima exposici\u00f3n (<em>Conjeturas del coraz\u00f3n. Pinturas, v\u00eddeos, leds y sonidos<\/em>), producida por la Diputaci\u00f3n de Granada. Una\u00a0puesta en escena a manera de laboratorio de las diversas experimentaciones visuales que suced\u00edan en el estudio del artista. La diputada de Cultura y Memoria Hist\u00f3rica y Democr\u00e1tica, <strong>F\u00e1tima G\u00f3mez<\/strong>, ha informado que la inauguraci\u00f3n queda cancelada y que la exposici\u00f3n se aplaza, <em>\u00abde momento\u00bb<\/em>, sin fecha, pues la idea es ofrecerla m\u00e1s adelante como homenaje p\u00f3stumo. La responsable de Cultura, que ha trasladado sus condolencias a la familia, ha lamentado la muerte del artista jienense y ha valorado su extraordinaria trayectoria en el campo de las artes pl\u00e1sticas.<\/p>\n<p><img fetchpriority=\"high\" decoding=\"async\" class=\"alignnone wp-image-251\" src=\"https:\/\/www.filmfest-granada.com\/2018\/wp-content\/uploads\/sites\/2\/2017\/10\/juste-rl-U30725643903dRB-U4010746114237rB-624x385@Ideal-Ideal.jpg\" alt=\"\" width=\"750\" height=\"466\" srcset=\"https:\/\/www.filmfest-granada.com\/2018\/wp-content\/uploads\/sites\/2\/2017\/10\/juste-rl-U30725643903dRB-U4010746114237rB-624x385@Ideal-Ideal.jpg 619w, https:\/\/www.filmfest-granada.com\/2018\/wp-content\/uploads\/sites\/2\/2017\/10\/juste-rl-U30725643903dRB-U4010746114237rB-624x385@Ideal-Ideal-300x187.jpg 300w\" sizes=\"(max-width: 750px) 100vw, 750px\" \/><\/p>\n<p><strong>Julio Juste<\/strong> (Beas de Segura, Ja\u00e9n, 1952) estudi\u00f3 Historia del Arte en la Facultad de Filosof\u00eda y Letras de Granada, donde cofund\u00f3 el Gabinete Ciudad y Dise\u00f1o. Su obra primera arrancaba del\u00a0<em>action painting<\/em>, con un horizonte l\u00edrico y una inspiraci\u00f3n en temas espa\u00f1oles. Luego acogi\u00f3 una l\u00ednea m\u00e1s figurativa, en la que di\u00f3 cabida por igual a motivos\u00a0<em>kitsch\u00a0<\/em>y de la alta cultura. Su conocimiento de la historia del arte le empuj\u00f3 a trabar sutiles mensajes de significaci\u00f3n metaart\u00edstica, servidos una frescura de ejecuci\u00f3n que hace olvidar al no avisado su densidad conceptual. Id\u00e9ntico proceder puede adivinarse en su obra gr\u00e1fica, tipogr\u00e1fica y cinematogr\u00e1fica, que le llev\u00f3 a realizar portadas de discos de <strong>091<\/strong> o <strong>TNT<\/strong>. En contra de sus constantes incursiones en el mundo cibern\u00e9tico y v\u00eddeoarte, cre\u00eda que no se pod\u00eda sustituir el pincel por una herramienta que pinte, <em>\u201cporque la emoci\u00f3n de tener un lienzo delante es insustituible. En el arte, finalmente, lo que se vende es la originalidad, la pieza \u00fanica\u201d<\/em>. A pesar de su inclusi\u00f3n en diferentes disciplinas art\u00edsticas, renunci\u00f3 a sentirse esclavo de ninguna de ellas.<\/p>\n<p>El Festival Internacional de J\u00f3venes Realizadores dedicar\u00e1 su vig\u00e9simo tercera edici\u00f3n a la memoria de <strong>Julio Juste<\/strong>, quien en palabras de su director <strong>Jos\u00e9 Luis Chac\u00f3n<\/strong> <em>\u00abfue con su militancia pol\u00edtica primero, y con su irreverencia continua, un basti\u00f3n muy importante desde los a\u00f1os ochenta en la vanguardia art\u00edstica de Granada y Espa\u00f1a. Hoy, como sus amados Warhol, Prince o Bowie, Julio Juste es un h\u00e9roe que muri\u00f3 muy pronto\u00bb<\/em>.<\/p>\n","protected":false},"excerpt":{"rendered":"<p>Este viernes nos ha consternado la triste e inesperada noticia de la muerte del artista <strong>Julio Juste<\/strong>, figura reconocible de la ciudad y creador de inCINEraci\u00f3n. El Festival Internacional de J\u00f3venes Realizadores dedicar\u00e1 su vig\u00e9simo tercera edici\u00f3n a su memoria.<\/p>\n","protected":false},"author":1,"featured_media":250,"comment_status":"closed","ping_status":"open","sticky":false,"template":"","format":"standard","meta":{"footnotes":""},"categories":[4],"tags":[12,38,40,42,46],"class_list":["post-249","post","type-post","status-publish","format-standard","has-post-thumbnail","hentry","category-noticias","tag-artista","tag-granada","tag-in-memoriam","tag-incineracion","tag-julio-juste"],"_links":{"self":[{"href":"https:\/\/www.filmfest-granada.com\/2018\/wp-json\/wp\/v2\/posts\/249","targetHints":{"allow":["GET"]}}],"collection":[{"href":"https:\/\/www.filmfest-granada.com\/2018\/wp-json\/wp\/v2\/posts"}],"about":[{"href":"https:\/\/www.filmfest-granada.com\/2018\/wp-json\/wp\/v2\/types\/post"}],"author":[{"embeddable":true,"href":"https:\/\/www.filmfest-granada.com\/2018\/wp-json\/wp\/v2\/users\/1"}],"replies":[{"embeddable":true,"href":"https:\/\/www.filmfest-granada.com\/2018\/wp-json\/wp\/v2\/comments?post=249"}],"version-history":[{"count":0,"href":"https:\/\/www.filmfest-granada.com\/2018\/wp-json\/wp\/v2\/posts\/249\/revisions"}],"wp:featuredmedia":[{"embeddable":true,"href":"https:\/\/www.filmfest-granada.com\/2018\/wp-json\/wp\/v2\/media\/250"}],"wp:attachment":[{"href":"https:\/\/www.filmfest-granada.com\/2018\/wp-json\/wp\/v2\/media?parent=249"}],"wp:term":[{"taxonomy":"category","embeddable":true,"href":"https:\/\/www.filmfest-granada.com\/2018\/wp-json\/wp\/v2\/categories?post=249"},{"taxonomy":"post_tag","embeddable":true,"href":"https:\/\/www.filmfest-granada.com\/2018\/wp-json\/wp\/v2\/tags?post=249"}],"curies":[{"name":"wp","href":"https:\/\/api.w.org\/{rel}","templated":true}]}}