{"id":335,"date":"2017-10-30T15:30:29","date_gmt":"2017-10-30T15:30:29","guid":{"rendered":"http:\/\/localhost\/wordpress_FIJR_2018\/?p=335"},"modified":"2017-10-30T15:30:29","modified_gmt":"2017-10-30T15:30:29","slug":"maria-canas-impartira-una-master-class-sobre-cine-de-apropiacion-en-granada","status":"publish","type":"post","link":"https:\/\/www.filmfest-granada.com\/2018\/2017\/10\/30\/maria-canas-impartira-una-master-class-sobre-cine-de-apropiacion-en-granada\/","title":{"rendered":"Mar\u00eda Ca\u00f1as impartir\u00e1 una Master Class sobre cine de apropiaci\u00f3n en Granada"},"content":{"rendered":"<ul>\n<li><strong>La Facultad de Bellas Artes acoger\u00e1 un encuentro con la v\u00eddeo artista sevillana en el marco del Festival Internacional de J\u00f3venes Realizadores.<\/strong><\/li>\n<li><strong>Durante el festival habr\u00e1 un ciclo de cine de apropiaci\u00f3n en la Filmoteca de Andaluc\u00eda con obras de Jean-Gabriel P\u00e9riot y Thom Andersen, entre otros.<\/strong><\/li>\n<\/ul>\n<div><img fetchpriority=\"high\" decoding=\"async\" class=\"alignnone size-full wp-image-337\" src=\"http:\/\/localhost\/wordpress_FIJR_2018\/wp-content\/uploads\/2017\/10\/mariacan\u0303as_web.jpg\" alt=\"\" width=\"1111\" height=\"799\" \/><\/div>\n<div><\/div>\n<div>\n<div>\n<p>El mi\u00e9rcoles 15 de noviembre\u00a0<b>Mar\u00eda Ca\u00f1as<\/b>\u00a0impartir\u00e1 una Master Class sobre cine de apropiaci\u00f3n en Granada. El lugar elegido ser\u00e1 el Sal\u00f3n de Grados de la Facultad de Bellas Artes, donde tras la reciente pol\u00e9mica que despert\u00f3 su cartel para el Festival de Cine Europeo de Sevilla, la v\u00eddeo artista sevillana debatir\u00e1 sobre la vigencia del apropiacionismo, demostrando a los estudiantes y curiosos su forma de hacer cine sin c\u00e1maras.<\/p>\n<\/div>\n<p>Nacida en Sevilla en 1972,\u00a0<b>Mar\u00eda Ca\u00f1as<\/b>\u00a0es Licenciada en Bellas Artes y curs\u00f3 el Doctorado en Est\u00e9tica e Historia de la Filosof\u00eda en la Universidad de Sevilla. Can\u00edbal audiovisual, coleccionista y archivera, dirige Animalario TV Producciones, una plataforma de experimentaci\u00f3n audiovisual en varios campos: videocreaciones, videoclips, instalaciones, imagen digital y proyectos en Internet. Sus trabajos se han expuesto en galer\u00edas nacionales y su obra se ha presentado en festivales y eventos internacionales, siendo galardonada con numerosos premios y reconocimientos.<\/p>\n<\/div>\n<figure id=\"attachment_354\" aria-describedby=\"caption-attachment-354\" style=\"width: 1000px\" class=\"wp-caption alignnone\"><img decoding=\"async\" class=\"wp-image-354\" src=\"https:\/\/www.filmfest-granada.com\/2018\/wp-content\/uploads\/sites\/2\/2017\/10\/cana_maria.jpg\" alt=\"\" width=\"1000\" height=\"750\" srcset=\"https:\/\/www.filmfest-granada.com\/2018\/wp-content\/uploads\/sites\/2\/2017\/10\/cana_maria.jpg 640w, https:\/\/www.filmfest-granada.com\/2018\/wp-content\/uploads\/sites\/2\/2017\/10\/cana_maria-300x225.jpg 300w\" sizes=\"(max-width: 1000px) 100vw, 1000px\" \/><figcaption id=\"caption-attachment-354\" class=\"wp-caption-text\">Fragmento de <em>Kiss the Fire<\/em> (Mar\u00eda Ca\u00f1as, 2007)<\/figcaption><\/figure>\n<div>\n<p>Conocida como La Archivera de Sevilla, la Master Class de\u00a0<b>Mar\u00eda Ca\u00f1as<\/b>\u00a0ser\u00e1 un encuentro experimental, inspirador y activador de la videoguerrilla, el apropiacionismo, el fake, la \u00abvideomaquia\u00bb, la multitudinaria creaci\u00f3n de im\u00e1genes amateurs populares, el archivo como patrimonio y dispositivo de creaci\u00f3n cultural y la v\u00eddeo remezcla marrana, marciana y postmariana.<\/p>\n<p>Las plazas para asistir a la Master Class son limitadas. La inscripci\u00f3n es gratuita y se realizar\u00e1 enviando un email a\u00a0<a href=\"mailto:decabbaa@ugr.es\" target=\"_blank\" rel=\"noopener\">decabbaa@ugr.es<\/a>\u00a0antes del 10 de noviembre con nombre, apellidos y DNI para recibir un informe de asistencia. M\u00e1s informaci\u00f3n en: <a href=\"https:\/\/lamadraza.ugr.es\/evento\/master-class-maria-canas\/\" target=\"_blank\" rel=\"noopener\">https:\/\/lamadraza.ugr.es\/evento\/master-class-maria-canas\/<\/a><\/p>\n<\/div>\n<div>\n<h3><b>Ciclo de Cine de Apropiaci\u00f3n en la Filmoteca<\/b><\/h3>\n<p>Adem\u00e1s de la Master Class de Mar\u00eda Ca\u00f1as, en el marco del Festival Internacional de J\u00f3venes Realizadores se podr\u00e1 ver un ciclo de cine de apropiaci\u00f3n comisariado por\u00a0<b>Playtime Audiovisuales<\/b>. Bajo el t\u00edtulo\u00a0<i>Sus Im\u00e1genes \/ Mi pel\u00edcula<\/i>, estar\u00e1 dividido por dos sesiones, centradas en la revisi\u00f3n hist\u00f3rica y en desmontar la imagen comercial, compuestas por pel\u00edculas de prestigiosos cineastas como\u00a0<b>Jean-Gabriel Periot<\/b>,\u00a0<b>Thom Andersen<\/b>\u00a0o\u00a0<b>Jennifer Proctor<\/b>. El ciclo tendr\u00e1 lugar el mi\u00e9rcoles 15 y el viernes 19 de noviembre a las 20:00 en la sede de la Filmoteca de Andaluc\u00eda, situada en la Calle Prof. Sainz Cantero, 6.<\/p>\n<\/div>\n<figure id=\"attachment_338\" aria-describedby=\"caption-attachment-338\" style=\"width: 1422px\" class=\"wp-caption alignnone\"><img decoding=\"async\" class=\"wp-image-338 size-full\" src=\"https:\/\/www.filmfest-granada.com\/2018\/wp-content\/uploads\/sites\/2\/2017\/10\/jeunesse-allemande.jpg\" alt=\"Fragmento de 'Une Jeunesse Allemande' (Jean-Gabriel P\u00e9riot, 2015)\" width=\"1422\" height=\"1080\" srcset=\"https:\/\/www.filmfest-granada.com\/2018\/wp-content\/uploads\/sites\/2\/2017\/10\/jeunesse-allemande.jpg 1422w, https:\/\/www.filmfest-granada.com\/2018\/wp-content\/uploads\/sites\/2\/2017\/10\/jeunesse-allemande-300x228.jpg 300w, https:\/\/www.filmfest-granada.com\/2018\/wp-content\/uploads\/sites\/2\/2017\/10\/jeunesse-allemande-768x583.jpg 768w, https:\/\/www.filmfest-granada.com\/2018\/wp-content\/uploads\/sites\/2\/2017\/10\/jeunesse-allemande-1024x778.jpg 1024w\" sizes=\"(max-width: 1422px) 100vw, 1422px\" \/><figcaption id=\"caption-attachment-338\" class=\"wp-caption-text\">Fragmento de <em>Une Jeunesse Allemande<\/em> (Jean-Gabriel P\u00e9riot, 2015)<\/figcaption><\/figure>\n<p>La vig\u00e9simo tercera edici\u00f3n del Festival Internacional de J\u00f3venes Realizadores se celebrar\u00e1 del 13 al 19 de noviembre y ha sido promovida por Ayuntamiento de Granada, Diputaci\u00f3n de Granada, Emasagra y Fundaci\u00f3n Agua Granada, con la colaboraci\u00f3n del Centro Federico Garc\u00eda Lorca, Universidad de Granada, Facultad de Bellas Artes, La Madraza, Junta de Andaluc\u00eda, Centro Jos\u00e9 Guerrero, Goethe Institut, inCINEraci\u00f3n, cinEd, A Bao A Qu y Foco Henri Langlois.<\/p>\n","protected":false},"excerpt":{"rendered":"<p>En el marco del Festival Internacional de J\u00f3venes Realizadores, el mi\u00e9rcoles 15 de noviembre tendr\u00e1 lugar en el Sal\u00f3n de Grados de la Facultad de Bellas Artes una Master Class de\u00a0<b>Mar\u00eda Ca\u00f1as<\/b>\u00a0sobre cine de apropiaci\u00f3n.<\/p>\n<div><\/div>\n","protected":false},"author":1,"featured_media":336,"comment_status":"closed","ping_status":"open","sticky":false,"template":"","format":"standard","meta":{"footnotes":""},"categories":[4],"tags":[20,44,55,57,65,71,73],"class_list":["post-335","post","type-post","status-publish","format-standard","has-post-thumbnail","hentry","category-noticias","tag-cine-de-apropiacion","tag-jean-gabriel-periot","tag-maria-canas","tag-master-class","tag-playtime","tag-thom-andersen","tag-ugr"],"_links":{"self":[{"href":"https:\/\/www.filmfest-granada.com\/2018\/wp-json\/wp\/v2\/posts\/335","targetHints":{"allow":["GET"]}}],"collection":[{"href":"https:\/\/www.filmfest-granada.com\/2018\/wp-json\/wp\/v2\/posts"}],"about":[{"href":"https:\/\/www.filmfest-granada.com\/2018\/wp-json\/wp\/v2\/types\/post"}],"author":[{"embeddable":true,"href":"https:\/\/www.filmfest-granada.com\/2018\/wp-json\/wp\/v2\/users\/1"}],"replies":[{"embeddable":true,"href":"https:\/\/www.filmfest-granada.com\/2018\/wp-json\/wp\/v2\/comments?post=335"}],"version-history":[{"count":0,"href":"https:\/\/www.filmfest-granada.com\/2018\/wp-json\/wp\/v2\/posts\/335\/revisions"}],"wp:featuredmedia":[{"embeddable":true,"href":"https:\/\/www.filmfest-granada.com\/2018\/wp-json\/wp\/v2\/media\/336"}],"wp:attachment":[{"href":"https:\/\/www.filmfest-granada.com\/2018\/wp-json\/wp\/v2\/media?parent=335"}],"wp:term":[{"taxonomy":"category","embeddable":true,"href":"https:\/\/www.filmfest-granada.com\/2018\/wp-json\/wp\/v2\/categories?post=335"},{"taxonomy":"post_tag","embeddable":true,"href":"https:\/\/www.filmfest-granada.com\/2018\/wp-json\/wp\/v2\/tags?post=335"}],"curies":[{"name":"wp","href":"https:\/\/api.w.org\/{rel}","templated":true}]}}