{"id":855,"date":"2018-04-02T12:17:36","date_gmt":"2018-04-02T10:17:36","guid":{"rendered":"http:\/\/localhost\/wordpress_FIJR_2018\/?p=855"},"modified":"2019-03-21T13:01:32","modified_gmt":"2019-03-21T12:01:32","slug":"clases-magistrales-y-un-taller-de-animacion-completan-la-oferta-formativa-del-fijr","status":"publish","type":"post","link":"https:\/\/www.filmfest-granada.com\/2018\/2018\/04\/02\/clases-magistrales-y-un-taller-de-animacion-completan-la-oferta-formativa-del-fijr\/","title":{"rendered":"Clases magistrales y un taller de animaci\u00f3n completan\u00a0la\u00a0oferta formativa del FIJR"},"content":{"rendered":"<ul>\n<li>Alejandro Hern\u00e1ndez, guionista de <em>Can\u00edbal<\/em> y <em>El autor<\/em>, impartir\u00e1 una master class sobre c\u00f3mo\u00a0adaptar\u00a0una novela al cine.<\/li>\n<li>Durante el taller de animaci\u00f3n povera de Elena Duque los alumnos crear\u00e1n una pieza de animaci\u00f3n artesanal.<\/li>\n<li>Un ciclo sobre animaci\u00f3n de autor comisariado por Elena Duque acompa\u00f1ar\u00e1 al taller y su\u00a0master class.<\/li>\n<\/ul>\n<div>\n<p>La oferta formativa del Festival Internacional de J\u00f3venes Realizadores, que\u00a0celebra su vig\u00e9simo cuarta edici\u00f3n del 17 al 22 de abril en Granada, se completa con la presencia del guionista\u00a0<strong>Alejandro Hern\u00e1ndez<\/strong>, ganador del Goya\u00a0en 2013 por <em>Todas las mujeres,<\/em> junto a la docente y programadora <strong>Elena Duque<\/strong>.<\/p>\n<p><img fetchpriority=\"high\" decoding=\"async\" class=\"alignnone size-full wp-image-861\" src=\"http:\/\/localhost\/wordpress_FIJR_2018\/wp-content\/uploads\/2018\/04\/FORMACIO\u0301N-FIJR-2018.jpg\" alt=\"\" width=\"800\" height=\"460\" \/><\/p>\n<p>Alejandro Hern\u00e1ndez impartir\u00e1 la\u00a0master class<strong> \u00abDesmontando el cuento: la adaptaci\u00f3n sin complejos\u00bb<\/strong>, que tendr\u00e1 lugar\u00a0el <strong>mi\u00e9rcoles 18 de abril a las 10:00<\/strong> en <strong>La Madraza<\/strong>. A partir de su experiencia con <em>Cani\u0301bal<\/em> y <em>El autor,\u00a0<\/em>por las que fue nominado al Goya a mejor guion adaptado, analizara\u0301 paso a paso el proceso de adaptar una novela al cine. La entrada ser\u00e1 libre hasta completar aforo.<\/p>\n<p>En homenaje a la corriente arti\u0301stica italiana surgida a finales de los an\u0303os 60, el <strong>Taller de Animaci\u00f3n Povera<\/strong>\u00a0de <strong>Elena Duque<\/strong> plantea el trabajo de la animacio\u0301n desde la \u201cpobreza\u201d de sus materiales en te\u0301rminos econo\u0301micos, no este\u0301ticos. El objetivo es crear una pieza de animacio\u0301n colaborativa y dotar al alumno de las herramientas para ser autosuficiente.<\/p>\n<p>El taller se divide en un apartado te\u00f3rico\u00a0y otro pr\u00e1ctico. La teor\u00eda consiste en una<strong> master class\u00a0de\u00a0introducci\u00f3n a la animaci\u00f3n experimental<\/strong>\u00a0en la que se proyectar\u00e1n\u00a0fragmentos de pel\u00edculas y se describir\u00e1n\u00a0sus distintas\u00a0t\u00e9cnicas. La master class ser\u00e1\u00a0abierta al p\u00fablico hasta completar aforo y se\u00a0celebrar\u00e1 el <strong>jueves 20 de abril a las 12:00<\/strong> en el Sal\u00f3n de Actos de la <strong>Facultad de Comunicaci\u00f3n<\/strong> y Documentaci\u00f3n de la Universidad de Granada.<\/p>\n<p>Durante el taller pr\u00e1ctico se propondr\u00e1 un tema en torno al cual girar\u00e1 la pieza que elaborar\u00e1n los alumnos, que traer\u00e1n materiales de todo tipo (objetos, recortes, pinturas, grabaciones de sonido, etc) que puedan utilizar. El Centro Federico Garc\u00eda Lorca acoger\u00e1 el taller las ma\u00f1anas del viernes 20 y el s\u00e1bado 21. <strong>Precio: 35 euros. Plazas limitadas<\/strong>.\u00a0El pago de la inscripci\u00f3n\u00a0se realizar\u00e1 por internet <a href=\"https:\/\/entradium.com\/entradas\/taller-de-animacion-povera-con-elena-duque\" target=\"_blank\" rel=\"noopener\">en el siguiente enlace<\/a>. M\u00e1s informaci\u00f3n del taller <a href=\"http:\/\/localhost\/wordpress_FIJR_2018\/master-class-y-taller-de-animacion-povera\/\" target=\"_blank\" rel=\"noopener\">a continuaci\u00f3n<\/a>.<\/p>\n<p>Adem\u00e1s,\u00a0comisariado por la propia Elena\u00a0Duque,\u00a0el FIJR acoge\u00a0dentro de su programa\u00a0un ciclo de animaci\u00f3n que acompa\u00f1ar\u00e1 al taller y la master class. Bajo el t\u00edtulo\u00a0\u00ab<strong>Una mirada a la animaci\u00f3n de autor\u00bb<\/strong>, se trata de\u00a0una sesi\u00f3n doble de cortometrajes que\u00a0propone un recorrido alrededor de las te\u0301cnicas de animacio\u0301n ma\u0301s artesanas y experimentales.<\/p>\n<h2><strong>UNA MIRADA A LA ANIMACI\u00d3N DE AUTOR\u00a0<\/strong><\/h2>\n<p><strong><span style=\"color: #ff0000\"><u>SESI\u00d3N I\u00a0&#8211; UNA HABITACI\u00d3N PROPIA\u00a0<\/u>\u00a0(Viernes 20 &#8211; 18:00 Centro Lorca)<\/span><\/strong><\/p>\n<p>Evocando el esp\u00edritu del ensayo de Virginia Woolf, en este programa la animaci\u00f3n independiente se postula como esa \u201chabitaci\u00f3n propia\u201d que hizo (y hace posible) encontrar una voz propia a las mujeres. (74\u2019)<\/p>\n<p><img decoding=\"async\" class=\"alignnone size-large wp-image-862\" src=\"https:\/\/www.filmfest-granada.com\/2018\/wp-content\/uploads\/sites\/2\/2018\/04\/asparagus-1024x492.jpg\" alt=\"\" width=\"740\" height=\"356\" srcset=\"https:\/\/www.filmfest-granada.com\/2018\/wp-content\/uploads\/sites\/2\/2018\/04\/asparagus-1024x492.jpg 1024w, https:\/\/www.filmfest-granada.com\/2018\/wp-content\/uploads\/sites\/2\/2018\/04\/asparagus-300x144.jpg 300w, https:\/\/www.filmfest-granada.com\/2018\/wp-content\/uploads\/sites\/2\/2018\/04\/asparagus-768x369.jpg 768w, https:\/\/www.filmfest-granada.com\/2018\/wp-content\/uploads\/sites\/2\/2018\/04\/asparagus.jpg 1250w\" sizes=\"(max-width: 740px) 100vw, 740px\" \/><\/p>\n<p><strong><em>Asparagus<\/em><\/strong>, Suzan Pitt, 1979, EE.UU., 20 min.<\/p>\n<p>La pintora y animadora Suzan Pitt nos lleva por mundos frondosos y surreales en esta desconcertante, sensual y pisocanal\u00edtica historia.<\/p>\n<p><strong><em>Set in Motion<\/em><\/strong>, Jane Aaron, 1987, EE.UU. 4 min<\/p>\n<p>La animadora Jane Aaron utiliza su \u00abhabitaci\u00f3n propia\u00bb de una forma muy particular: poniendo en movimiento todos los elementos que en ella hay, en una colorida, imaginativa y deliciosa pieza de stop motion.<\/p>\n<p><strong><em>Spain Loves You<\/em><\/strong>, Isabel Herguera, 1988, Espa\u00f1a, 6 min.<\/p>\n<p>Isabel Herguera es una de las pioneras de la animaci\u00f3n experimental en Espa\u00f1a. En esta emblem\u00e1tica pieza habla de su infancia en el franquismo con sentido del humor e imaginaci\u00f3n visual.<\/p>\n<p><strong><em>Madame Winger Makes<\/em><\/strong>. <strong>A Film: A Survival Guide To The 21st Century<\/strong>, Helen Hill, 2001, EE.UU.,\u00a0 10 min.<\/p>\n<p>Aut\u00e9ntica hero\u00edna del Do It Yourself, Helen Hill es la autora del libro <em>Recipes for <\/em>Disaster, en el que propaga las maneras de hacer pel\u00edculas sin apenas recursos, con el esp\u00edritu punk por bandera.<\/p>\n<p><strong><em>Blanket Statement <\/em>#2: All or Nothing<\/strong>, Jodie Mack, 2013, EE.UU., 3 min.<\/p>\n<p>Tomando uno de los s\u00edmbolos de la domesticidad, las labores de punto y aguja, Jodie Mack fabrica una obra de arte cin\u00e9tico y \u00f3ptico que convierte lo popular y considerado \u00abfemenino\u00bb en arte de vanguardia.<\/p>\n<p><strong>Pussy<\/strong> Renata Gasiorowska, Polonia, 2015, 8 min.<\/p>\n<p>Una chica intenta masturbarse pero el mundo exterior no para de interrumpir. As\u00ed empieza esta deriva llena de sentido del humor de la polaca Gasiorowska por el mundo del autoplacer.<\/p>\n<p><strong>The Noise of Licking<\/strong> Nadja Andrasev, Hungr\u00eda, 2016, 9 min.<\/p>\n<p>Las aparentemente inocentes plantas y gatos de una mujer soltera nos conducen por una historia enigm\u00e1tica y oscura de deseo e intimidad.<\/p>\n<p><strong>Silent Sister<\/strong> Janie Geiser, EEUU, 2016, 6 min.<\/p>\n<p>Usando ilustraciones m\u00e9dicas, tablas y fotos de hospitales abandonados, esta pel\u00edcula-collage es una meditaci\u00f3n sobre el cuerpo, la enfermedad, el paisaje y el tiempo.<\/p>\n<p><strong>Snow White Cologne <\/strong>Amanda Eliasson, 2017, Reino Unido, 6 min.<\/p>\n<p>Con un trazo vivo y vibrante, se va desgranando la adicci\u00f3n a las drogas y posterior recuperaci\u00f3n de la hermana de la autora, que convierte en poema visual esta dura historia.<\/p>\n<p><strong>Our Notebooks <\/strong>(work in progress) Laura Gin\u00e8s, 2017, Espa\u00f1a, 4 min.<\/p>\n<p>Nuestras libretas expresan lo que pasa por nuestras mentes, nuestros pensamientos e impresiones.<\/p>\n<p><span style=\"color: #ff0000\"><strong><u>SESI\u00d3N II &#8211; ANALOG\u00cdA DIGITAL<\/u> (S\u00e1bado 21 &#8211; 18:00 Centro Lorca)<\/strong><\/span><\/p>\n<p>Las texturas, los colores y las posibilidades creativas de la animaci\u00f3n stop motion, la plastilina y el dibujo quedan patentes en esta selecci\u00f3n de pel\u00edculas de animaci\u00f3n hechas a mano en el siglo XXI. (82\u2019)<\/p>\n<p><img decoding=\"async\" class=\"alignnone size-large wp-image-863\" src=\"https:\/\/www.filmfest-granada.com\/2018\/wp-content\/uploads\/sites\/2\/2018\/04\/Eager_Stills_Small05-1024x592.jpg\" alt=\"\" width=\"740\" height=\"428\" srcset=\"https:\/\/www.filmfest-granada.com\/2018\/wp-content\/uploads\/sites\/2\/2018\/04\/Eager_Stills_Small05-1024x592.jpg 1024w, https:\/\/www.filmfest-granada.com\/2018\/wp-content\/uploads\/sites\/2\/2018\/04\/Eager_Stills_Small05-300x173.jpg 300w, https:\/\/www.filmfest-granada.com\/2018\/wp-content\/uploads\/sites\/2\/2018\/04\/Eager_Stills_Small05-768x444.jpg 768w, https:\/\/www.filmfest-granada.com\/2018\/wp-content\/uploads\/sites\/2\/2018\/04\/Eager_Stills_Small05.jpg 1280w\" sizes=\"(max-width: 740px) 100vw, 740px\" \/><\/p>\n<p><strong>The Five Minute Museum <\/strong>Paul Bush, Reino Unido, 2015, 7 min.<\/p>\n<p>Una viaje por la historia de la humanidad, sus gestas (y su absurdo) a trav\u00e9s de las piezas de un museo arqueol\u00f3gico puesto en marcha de inusitadas maneras.<\/p>\n<p><strong>Six God Alphabet Peter<\/strong> Peter Millard, Reino Unido, 2017, 7 min.<\/p>\n<p>El desconcierto y el colorido dominan el trabajo de Peter Millard, entre el frenop\u00e1tico, el preescolar y la genialidad m\u00e1s absoluta.<\/p>\n<p><strong>Erlking<\/strong> Georges Schwizgebel, Suiza, 2015, 6 min.<\/p>\n<p>Un poema de Goethe inspira esta huida de un padre y su hijo, en la que se aparece el siniestro Erlkling. Un incre\u00edble pintura animada con m\u00fasica de Schubert y Franz Liszt.<\/p>\n<p><strong>Manivald<\/strong> Chintis Lundgren, Estonia, Croatia, Canada, 2017, 13 min.<\/p>\n<p>El particular\u00edsimo dibujo y el reino animal de la estonia Chintis Lundgren se plasman en la historia de Manivald, zorro treinta\u00f1ero que a\u00fan vive con su madre, y su despertar a la vida.<\/p>\n<p><strong>Dolls Vs. Dictators <\/strong>Martha Colburn, EE.UU, Holanda, 2011, 11 min.<\/p>\n<p>El mundo apocal\u00edptico de Colburn explota en este collage alocado articulado con recortes y con figuras pintadas a mano.<\/p>\n<p><strong>Moving Elements<\/strong> Marko Tadic, Croacia, 2016, 7 min.<\/p>\n<p>Pinturas que se hacen frente a nuestros ojos, geometr\u00edas y evoluciones compositivas que son mucho m\u00e1s que \u201celementos m\u00f3viles\u201d, como Tadic titula su pieza.<\/p>\n<p><strong>The Bigger Picture<\/strong> Daisy Jacobs | Reino Unido | 2014 | 7 min.<\/p>\n<p>Las cuitas familiares, los cuidados y la vejez, en una animaci\u00f3n que mezcla objetos y pinturas a tama\u00f1o natural de una singular manera.<\/p>\n<p><strong>Hi Stranger<\/strong> Kirsten Lepore, EE.UU, 2017, 3 min.<\/p>\n<p>Atractiva e inquietante, una figura nos habla y consigue llegar a nuestro fuero m\u00e1s \u00edntimo en una explosi\u00f3n de sentimientos encontrados dif\u00edcil de explicar.<\/p>\n<p><strong>Eager<\/strong> Allison Schulnik, EE.UU, 2014, 8 min.<\/p>\n<p>La animaci\u00f3n de plastilina alcanza un nuevo estatus con las figuras fantasmales y coloridas de Alison Schulnik en esta danza animada.<\/p>\n<p><strong>Uncanny Valley<\/strong> Paul Wenninger | Francia, Austria | 2015 | 13 min.<\/p>\n<p>La pixilaci\u00f3n, t\u00e9cnica de animaci\u00f3n cuadro a cuadro hecha con seres humanos como objeto, es la herramienta de esta apabullante visi\u00f3n sobre el horror de la guerra.<\/p>\n<h2><strong>BIOGRAF\u00cdAS<\/strong><\/h2>\n<p><strong>Alejandro Hern\u00e1ndez:<\/strong>\u00a0Guionista y escritor de cine y televisio\u0301n. Nominado al Goya a mejor guion adaptado por\u00a0<em>Cani\u0301bal<\/em>\u00a0(2013) y\u00a0<em>El autor<\/em>\u00a0(2017), gan\u00f3 el Goya con\u00a0<em>Todas las mujeres<\/em>\u00a0(2013). Actualmente ejerce la docencia en la Universidad Carlos III de Madrid, la Escuela de Cinematografi\u0301a de la Comunidad de Madrid (ECAM) y la Escuela de Cine de Praga.<\/p>\n<p><strong>Elena Duque<\/strong> ha programado para los festivales de cine de Gijo\u0301n, Sevilla, Rotterdam, (S8) o BACIFI, donde edito\u0301 el libro Val del Omar. Ma\u0301s alla\u0301 de la o\u0301rbita terrestre. Colabora en publicaciones como Caima\u0301n Cuadernos de Cine o Lumie\u0300re. Adema\u0301s, ha realizado varios cortometrajes de animacio\u0301n, entre ellos Co\u0301mo hacer un fanzine o La mar salada.<\/p>\n<\/div>\n","protected":false},"excerpt":{"rendered":"<p>Alejandro Hern\u00e1ndez, guionista de <em>Can\u00edbal<\/em> y <em>El autor<\/em>, impartir\u00e1 una master class sobre c\u00f3mo\u00a0adaptar\u00a0una novela al cine. Un ciclo sobre animaci\u00f3n de autor comisariado por Elena Duque acompa\u00f1ar\u00e1 al taller y su\u00a0master class.<\/p>\n","protected":false},"author":2,"featured_media":858,"comment_status":"closed","ping_status":"open","sticky":false,"template":"","format":"standard","meta":{"footnotes":""},"categories":[2,4],"tags":[7,9,14,17,19,26,30,35,39,49,57],"class_list":["post-855","post","type-post","status-publish","format-standard","has-post-thumbnail","hentry","category-fijr-2018","category-noticias","tag-24fijr","tag-alejandro-hernandez","tag-canibal","tag-cine","tag-cine-de-animacion","tag-el-autor","tag-elena-duque","tag-fijr-2018","tag-guion","tag-la-madraza","tag-master-class"],"_links":{"self":[{"href":"https:\/\/www.filmfest-granada.com\/2018\/wp-json\/wp\/v2\/posts\/855","targetHints":{"allow":["GET"]}}],"collection":[{"href":"https:\/\/www.filmfest-granada.com\/2018\/wp-json\/wp\/v2\/posts"}],"about":[{"href":"https:\/\/www.filmfest-granada.com\/2018\/wp-json\/wp\/v2\/types\/post"}],"author":[{"embeddable":true,"href":"https:\/\/www.filmfest-granada.com\/2018\/wp-json\/wp\/v2\/users\/2"}],"replies":[{"embeddable":true,"href":"https:\/\/www.filmfest-granada.com\/2018\/wp-json\/wp\/v2\/comments?post=855"}],"version-history":[{"count":1,"href":"https:\/\/www.filmfest-granada.com\/2018\/wp-json\/wp\/v2\/posts\/855\/revisions"}],"predecessor-version":[{"id":1256,"href":"https:\/\/www.filmfest-granada.com\/2018\/wp-json\/wp\/v2\/posts\/855\/revisions\/1256"}],"wp:featuredmedia":[{"embeddable":true,"href":"https:\/\/www.filmfest-granada.com\/2018\/wp-json\/wp\/v2\/media\/858"}],"wp:attachment":[{"href":"https:\/\/www.filmfest-granada.com\/2018\/wp-json\/wp\/v2\/media?parent=855"}],"wp:term":[{"taxonomy":"category","embeddable":true,"href":"https:\/\/www.filmfest-granada.com\/2018\/wp-json\/wp\/v2\/categories?post=855"},{"taxonomy":"post_tag","embeddable":true,"href":"https:\/\/www.filmfest-granada.com\/2018\/wp-json\/wp\/v2\/tags?post=855"}],"curies":[{"name":"wp","href":"https:\/\/api.w.org\/{rel}","templated":true}]}}