{"id":1426,"date":"2021-10-26T10:41:28","date_gmt":"2021-10-26T08:41:28","guid":{"rendered":"https:\/\/www.filmfest-granada.com\/2021\/?p=1426"},"modified":"2021-10-26T10:45:11","modified_gmt":"2021-10-26T08:45:11","slug":"mbah-jhiwo-alma-anciana-gana-el-premio-val-del-omar-a-la-mejor-pelicula","status":"publish","type":"post","link":"https:\/\/www.filmfest-granada.com\/2021\/2021\/10\/26\/mbah-jhiwo-alma-anciana-gana-el-premio-val-del-omar-a-la-mejor-pelicula\/","title":{"rendered":"Mbah Jhiwo (Alma anciana) gana\u00a0el Premio Val del Omar a la mejor pel\u00edcula"},"content":{"rendered":"\n<ul class=\"wp-block-list\"><li>El palmar\u00e9s apost\u00f3 por la&nbsp;diversidad, con&nbsp;un marcado acento granadino e internacional.&nbsp;<\/li><li>El estreno de&nbsp;Rara Avis y la performance Umbr\u00e1fono de Enrique del Castillo hicieron&nbsp;vibrar el Teatro Isabel la Cat\u00f3lica con su dispositivo sonoro.<\/li><\/ul>\n\n\n\n<p>El pasado domingo 24 de octubre el Teatro&nbsp;Isabel la Cat\u00f3lica acogi\u00f3&nbsp;la clausura de la&nbsp;vig\u00e9simo s\u00e9ptima&nbsp;edici\u00f3n del&nbsp;<strong>Festival J\u00f3venes Realizadores<\/strong>, que durante cinco d\u00edas fundi\u00f3&nbsp;cine y m\u00fasica en directo con una gran respuesta del&nbsp;p\u00fablico, que llen\u00f3 el teatro para asistir a la&nbsp;performance&nbsp;<strong>Umbr\u00e1fono<\/strong>&nbsp;de Enrique del Castillo. El artista jienense&nbsp;abri\u00f3&nbsp;la&nbsp;noche&nbsp;con un espect\u00e1culo sonoro&nbsp;generado a&nbsp;trav\u00e9s&nbsp;de&nbsp;lectores \u00f3pticos, transformando&nbsp;los est\u00edmulos luminosos del celuloide&nbsp;en texturas y ruido&nbsp;que hicieron&nbsp;vibrar a los&nbsp;asistentes.<br><br>Presentada, al igual que la inauguraci\u00f3n, por la actriz Mar\u00eda Herrador (<em>La virgen de agosto<\/em>,&nbsp;<em>Qui\u00e9n lo impide<\/em>), en la ceremonia&nbsp;se hizo entrega del palmar\u00e9s del festival, que apost\u00f3 por la diversidad con un&nbsp;marcado acento granadino e internacional. El&nbsp;<strong>Premio Val del Omar<\/strong>&nbsp;a la mejor pel\u00edcula&nbsp;fue para&nbsp;<em><strong>Alma anciana (Mbah Jhiwo)<\/strong><\/em>, \u00f3pera prima del cineasta barcelon\u00e9s&nbsp;\u00c1lvaro Gurrea, del que hizo entrega la Vicepresidenta de la Diputaci\u00f3n de Granada y Delegada de Cultura y Memoria Hist\u00f3rica y Democr\u00e1tica, F\u00e1tima G\u00f3mez Abad.&nbsp;Rodada en la&nbsp;isla de Java, se trata de&nbsp;una&nbsp;etnoficci\u00f3n que cuestiona el mito del progreso&nbsp;alrededor de la influencia del&nbsp;animismo, el islam y el capitalismo en la regi\u00f3n indonesa.&nbsp;<em>Alma anciana<\/em>&nbsp;tuvo su estreno mundial en la pasada Berlinale y&nbsp;fue producida por la cineasta granadina&nbsp;<strong>Roc\u00edo Mesa<\/strong>, que recogi\u00f3 el galard\u00f3n en nombre del director y quiso agradecer al festival por su&nbsp;impulso al cine m\u00e1s arriesgado e innovador.<br><br>El&nbsp;<strong>jurado&nbsp;<\/strong>de la Competici\u00f3n Internacional, compuesto por el Director del Festival de San Sebasti\u00e1n,&nbsp;<strong>Jos\u00e9 Luis Rebordinos<\/strong>, la cantante y compositora granadina&nbsp;<strong>Sole\u00e1 Morente<\/strong>&nbsp;y el periodista cinematogr\u00e1fico&nbsp;<strong>Javier Tolentino<\/strong>, que recibi\u00f3 el Premio de Honor en la inauguraci\u00f3n, decidi\u00f3 hacer entrega de una&nbsp;<strong>Menci\u00f3n Especial&nbsp;<\/strong>al cortometraje&nbsp;<em><strong>Next Picture<\/strong><\/em>, un&nbsp;retrato provocador e incisivo sobre el auge de la comunidad queer en Manila y la decadencia de la exhibici\u00f3n cinematogr\u00e1fica.&nbsp;El&nbsp;realizador&nbsp;filipino Cris Bringas envi\u00f3&nbsp;un v\u00eddeo en el que dio&nbsp;las gracias&nbsp;al jurado por creer en su visi\u00f3n y al p\u00fablico por&nbsp;seguir llenando las salas de cine.<br><br>Para entregar el<strong>&nbsp;Premio del P\u00fablico<\/strong>&nbsp;subi\u00f3 al escenario&nbsp;la Concejala de Cultura del Ayuntamiento de Granada, Mar\u00eda de Leyva,&nbsp;en representaci\u00f3n de los espectadores que ejercieron su voto&nbsp;a la salida de cada proyecci\u00f3n. El galard\u00f3n&nbsp;fue a parar al cortometraje&nbsp;<em><strong>Va dando el tiempo<\/strong><\/em>, de&nbsp;Celia Giraldo.&nbsp;El Jurado Joven, formado por veinte alumnos de la Universidad de Granada que asistieron con entusiasmo a todas las sesiones&nbsp;de la Competici\u00f3n Internacional, concedi\u00f3 el&nbsp;<strong>Premio de la Juventud<\/strong>&nbsp;a&nbsp;<em><strong>Los ojos de \u00c9rebo<\/strong><\/em>. Un cortometraje dirigido por&nbsp;Javier Barbero e inspirado en hechos reales, tras el que se encuentran Pecado Films y la&nbsp;productora granadina Fourminds.<br><br>Por primera vez en el festival, la Asociaci\u00f3n de Mujeres de los Medios Audiovisuales de Andaluc\u00eda entreg\u00f3 el&nbsp;<strong>Premio AAMMA<\/strong>&nbsp;a la perspectiva de g\u00e9nero, con el objetivo de ampliar miradas y apoyar a las j\u00f3venes realizadoras.&nbsp;El diploma fue a las manos de la&nbsp;granadina&nbsp;Carmen Tortosa, codirectora de&nbsp;<em><strong>Mujer como \u00e1rbol<\/strong><\/em>, filme colectivo rodado en el contexto de un taller coordinado por el cineasta portugu\u00e9s Pedro Costa. En palabras del jurado, integrado por In\u00e9s Duro, Mar\u00eda Cuevas y Carmen Porras, \u00aba los m\u00e9ritos de su exquisita fotograf\u00eda, se sumaba&nbsp;hacer&nbsp;visible el rol de cuidadora de tantas mujeres y el peso que eso conlleva\u00bb.<br><br>Promovido y concedido por&nbsp;Fundaci\u00f3n AguaGranada, el&nbsp;<strong>Premio Aguaespejo<\/strong>&nbsp;fue para&nbsp;<em><strong>Augas abisais<\/strong><\/em>, dirigido por el cineasta gallego&nbsp;Xacio Ba\u00f1o y&nbsp;preseleccionado a los Premios Goya a mejor cortometraje documental.&nbsp;\u00abPor su extraordinario uso de la met\u00e1fora de las profundidades marinas para iluminar pasajes ocultos de nuestra historia\u00bb, fueron los motivos de&nbsp;un jurado&nbsp;formado&nbsp;por Jes\u00fas Villalba, responsable de la Oficina de Jazz de la Diputaci\u00f3n de Granada, el director de fotograf\u00eda Fulgencio Mart\u00ednez y&nbsp;la cantante y compositora Amparo S\u00e1nchez, l\u00edder de Amparanoia, que subi\u00f3 el escenario para recoger el premio de manos del Director Gerente de Fundaci\u00f3n AguaGranada,&nbsp;<strong>Sebasti\u00e1n P\u00e9rez<\/strong>.<br><br><img fetchpriority=\"high\" decoding=\"async\" height=\"450\" width=\"800\" src=\"https:\/\/mcusercontent.com\/cbe1bc57c123b800474182a16\/images\/01821f8a-9823-7b02-2c44-99f2469c8010.jpg\"><br><br>La proyecci\u00f3n del primer episodio del proyecto&nbsp;<em><strong>Rara Avis<\/strong><\/em>, una idea&nbsp;de&nbsp;Diana Diaby y Adri\u00e1n Cecilio dedicada&nbsp;al proceso creativo y&nbsp;la figura de Enrique del Castillo, puso fin a las sesiones especiales&nbsp;que a&nbsp;diario en el&nbsp;<strong>Teatro Isabel la Cat\u00f3lica<\/strong>&nbsp;unieron&nbsp;cine y m\u00fasica en directo. Conciertos y coloquios acompa\u00f1aron&nbsp;las proyecciones de&nbsp;<em>Sisters with Transistors<\/em>,&nbsp;<em>Paco Loco: Viva el noise<\/em>&nbsp;y&nbsp;<em>Dardara<\/em>, acercando al p\u00fablico granadino una programaci\u00f3n&nbsp;diversa y sorprendente, que cont\u00f3&nbsp;con actuaciones de&nbsp;Abraham Boba (Le\u00f3n Benavente), Gorka Urbizu (Berri Txarrak), Ylia y La Trinidad. Clases magistrales, proyecciones online en Filmin, mesas redondas,&nbsp;actividades formativas y&nbsp;una exitosa jornada de industria para profesionales organizada por Film in Granada&nbsp;recobraron&nbsp;el valor&nbsp;del cine como lugar de encuentro&nbsp;en el primer a\u00f1o bajo la direcci\u00f3n art\u00edstica de Antonio Miguel Arenas.<\/p>\n\n\n\n<p>La 27 edici\u00f3n del Festival J\u00f3venes Realizadores ha sido organizada por <strong>Ayuntamiento de Granada<\/strong>, <strong>Diputaci\u00f3n de Granada<\/strong>, <strong>Delegaci\u00f3n de Cultura y Memoria Hist\u00f3rica y Democr\u00e1tica<\/strong> y\u00a0<strong>Fundaci\u00f3n AguaGranada<\/strong>.\u00a0Con la colaboraci\u00f3n de\u00a0<strong>Seat Vigilsa<\/strong>,\u00a0<strong>Hammam Al \u00c1ndalus<\/strong>,\u00a0<strong>Universidad de Granada<\/strong>,\u00a0<strong>La Madraza<\/strong>,\u00a0<strong>Facultad de Comunicaci\u00f3n y Documentaci\u00f3n<\/strong>,\u00a0<strong>Fundaci\u00f3n Euro\u00e1rabe<\/strong>,\u00a0<strong>Oficina Provincial de Turismo de Granada<\/strong>,\u00a0<strong>Junta de Andaluc\u00eda<\/strong>, <strong>Escuela de Arte Val del Omar<\/strong>, <strong>ESCAV<\/strong>,\u00a0<strong>FILMIN<\/strong>,\u00a0<strong>AAMMA<\/strong>,\u00a0<strong>Reely\u00a0Rental<\/strong>, <strong>Alianza Francesa de Granada<\/strong>,\u00a0<strong>Escuela Internacional de Protocolo<\/strong>, <strong>Federaci\u00f3n Provincial de Hosteler\u00eda y Turismo<\/strong>,\u00a0<strong>Hotel Carmen<\/strong>,\u00a0<strong>Cervezas Victoria<\/strong>,\u00a0<strong>Orodeal<\/strong>\u00a0y\u00a0<strong>Bodega M\u00e9ndez Moya<\/strong>.<\/p>\n\n\n\n<figure class=\"wp-block-table\"><table><tbody><tr><td><\/td><\/tr><\/tbody><\/table><\/figure>\n","protected":false},"excerpt":{"rendered":"<p>Rodada en Indonesia y producida por la granadina Roc\u00edo Mesa, la \u00f3pera prima de \u00c1lvaro Gurrea fue la gran triunfadora del festival.<\/p>\n","protected":false},"author":1169,"featured_media":1427,"comment_status":"open","ping_status":"open","sticky":false,"template":"","format":"standard","meta":{"footnotes":""},"categories":[1],"tags":[],"class_list":["post-1426","post","type-post","status-publish","format-standard","has-post-thumbnail","hentry","category-sin-categoria"],"aioseo_notices":[],"_links":{"self":[{"href":"https:\/\/www.filmfest-granada.com\/2021\/wp-json\/wp\/v2\/posts\/1426","targetHints":{"allow":["GET"]}}],"collection":[{"href":"https:\/\/www.filmfest-granada.com\/2021\/wp-json\/wp\/v2\/posts"}],"about":[{"href":"https:\/\/www.filmfest-granada.com\/2021\/wp-json\/wp\/v2\/types\/post"}],"author":[{"embeddable":true,"href":"https:\/\/www.filmfest-granada.com\/2021\/wp-json\/wp\/v2\/users\/1169"}],"replies":[{"embeddable":true,"href":"https:\/\/www.filmfest-granada.com\/2021\/wp-json\/wp\/v2\/comments?post=1426"}],"version-history":[{"count":2,"href":"https:\/\/www.filmfest-granada.com\/2021\/wp-json\/wp\/v2\/posts\/1426\/revisions"}],"predecessor-version":[{"id":1430,"href":"https:\/\/www.filmfest-granada.com\/2021\/wp-json\/wp\/v2\/posts\/1426\/revisions\/1430"}],"wp:featuredmedia":[{"embeddable":true,"href":"https:\/\/www.filmfest-granada.com\/2021\/wp-json\/wp\/v2\/media\/1427"}],"wp:attachment":[{"href":"https:\/\/www.filmfest-granada.com\/2021\/wp-json\/wp\/v2\/media?parent=1426"}],"wp:term":[{"taxonomy":"category","embeddable":true,"href":"https:\/\/www.filmfest-granada.com\/2021\/wp-json\/wp\/v2\/categories?post=1426"},{"taxonomy":"post_tag","embeddable":true,"href":"https:\/\/www.filmfest-granada.com\/2021\/wp-json\/wp\/v2\/tags?post=1426"}],"curies":[{"name":"wp","href":"https:\/\/api.w.org\/{rel}","templated":true}]}}