{"id":1450,"date":"2022-05-27T10:38:18","date_gmt":"2022-05-27T08:38:18","guid":{"rendered":"https:\/\/www.filmfest-granada.com\/2021\/?p=1450"},"modified":"2022-05-27T12:09:22","modified_gmt":"2022-05-27T10:09:22","slug":"se-estrena-en-granada-alma-anciana-la-pelicula-ganadora-del-festival-jovenes-realizadores","status":"publish","type":"post","link":"https:\/\/www.filmfest-granada.com\/2021\/2022\/05\/27\/se-estrena-en-granada-alma-anciana-la-pelicula-ganadora-del-festival-jovenes-realizadores\/","title":{"rendered":"Estreno en Granada de ALMA ANCIANA, la pel\u00edcula ganadora del Festival J\u00f3venes Realizadores"},"content":{"rendered":"\n<p>La Diputaci\u00f3n de Granada, a trav\u00e9s de su \u00e1rea de Cultura, en colaboraci\u00f3n con el Festival J\u00f3venes Realizadores,&nbsp;trae a la ciudad este&nbsp;s\u00e1bado 28 de mayo la proyecci\u00f3n especial de&nbsp;<em>Alma Anciana<\/em>&nbsp;(Mbah Jhiwo, 2021), \u00f3pera prima del joven cineasta <strong>\u00c1lvaro Gurrea<\/strong>. La pel\u00edcula, que se present\u00f3 internacionalmente en la Berlinale y ha gozado de un exitoso recorrido por festivales, se estrena hoy viernes 27 de mayo en cines de todo el pa\u00eds.<\/p>\n\n\n\n<p>Rodada \u00edntegramente en la isla de Java,&nbsp;<em>Alma Anciana<\/em>&nbsp;acompa\u00f1a a su protagonista, Yono, en su viaje introspectivo y simb\u00f3lico en busca de respuestas que no termina de encontrar. El film, construido a modo de tr\u00edptico, muestra c\u00f3mo sus creencias cambian del animismo, al islam y al capitalismo. Su aproximaci\u00f3n invita al espectador a adentrarse en un fascinante viaje por la naturaleza y la cultura tradicional de Indonesia mediante planos fijos que se mueven entre el documental y la ficci\u00f3n, cuya mirada etnogr\u00e1fica cuestiona el mito del progreso en la realidad neocolonial de las islas de los Mares del Sur.<\/p>\n\n\n\n<p><em>Alma anciana (Mbah Jhiwo)<\/em>&nbsp;cuenta con un doble v\u00ednculo con Granada. En primer lugar se trata de una producci\u00f3n de My Deer Films, productora fundada por la cineasta granadina <strong>Roc\u00edo Mesa<\/strong>, que tiene pendiente de estreno el largometraje,&nbsp;<em>Secaderos<\/em>, rodado el pasado verano en la provincia. Y en segundo lugar porque logr\u00f3 el Premio Val del Omar a la Mejor Pel\u00edcula en la pasada edici\u00f3n del Festival J\u00f3venes Realizadores, cuyo objetivo es descubrir j\u00f3venes talentos, acercando al p\u00fablico un cine independiente que se realiza en los m\u00e1rgenes y que contin\u00faa revitalizando el audiovisual contempor\u00e1neo.<\/p>\n\n\n\n<p>El estreno tendr\u00e1 lugar el s\u00e1bado 28 de mayo a las 20 horas en el Palacio de los Condes de Gabia. Tras la proyecci\u00f3n se mantendr\u00e1 un coloquio que contar\u00e1 con la presencia de la productora <strong>Roc\u00edo Mesa<\/strong> y de <strong>Antonio Miguel Arenas<\/strong>, director del Festival J\u00f3venes Realizadores.<\/p>\n\n\n\n<p>La entrada es gratuita hasta completar aforo. Se pueden reservar entradas a trav\u00e9s del correo electr\u00f3nico audiovisuales@dipgra.es.<\/p>\n","protected":false},"excerpt":{"rendered":"<p>La proyecci\u00f3n ser\u00e1 este s\u00e1bado\u00a028 de mayo a las 20:00\u00a0en el Palacio\u00a0Condes de Gabia y contar\u00e1 con la presencia de su productora, la cineasta granadina Roc\u00edo Mesa.<\/p>\n","protected":false},"author":1169,"featured_media":1451,"comment_status":"open","ping_status":"open","sticky":false,"template":"","format":"standard","meta":{"footnotes":""},"categories":[1],"tags":[],"class_list":["post-1450","post","type-post","status-publish","format-standard","has-post-thumbnail","hentry","category-sin-categoria"],"aioseo_notices":[],"_links":{"self":[{"href":"https:\/\/www.filmfest-granada.com\/2021\/wp-json\/wp\/v2\/posts\/1450","targetHints":{"allow":["GET"]}}],"collection":[{"href":"https:\/\/www.filmfest-granada.com\/2021\/wp-json\/wp\/v2\/posts"}],"about":[{"href":"https:\/\/www.filmfest-granada.com\/2021\/wp-json\/wp\/v2\/types\/post"}],"author":[{"embeddable":true,"href":"https:\/\/www.filmfest-granada.com\/2021\/wp-json\/wp\/v2\/users\/1169"}],"replies":[{"embeddable":true,"href":"https:\/\/www.filmfest-granada.com\/2021\/wp-json\/wp\/v2\/comments?post=1450"}],"version-history":[{"count":6,"href":"https:\/\/www.filmfest-granada.com\/2021\/wp-json\/wp\/v2\/posts\/1450\/revisions"}],"predecessor-version":[{"id":1457,"href":"https:\/\/www.filmfest-granada.com\/2021\/wp-json\/wp\/v2\/posts\/1450\/revisions\/1457"}],"wp:featuredmedia":[{"embeddable":true,"href":"https:\/\/www.filmfest-granada.com\/2021\/wp-json\/wp\/v2\/media\/1451"}],"wp:attachment":[{"href":"https:\/\/www.filmfest-granada.com\/2021\/wp-json\/wp\/v2\/media?parent=1450"}],"wp:term":[{"taxonomy":"category","embeddable":true,"href":"https:\/\/www.filmfest-granada.com\/2021\/wp-json\/wp\/v2\/categories?post=1450"},{"taxonomy":"post_tag","embeddable":true,"href":"https:\/\/www.filmfest-granada.com\/2021\/wp-json\/wp\/v2\/tags?post=1450"}],"curies":[{"name":"wp","href":"https:\/\/api.w.org\/{rel}","templated":true}]}}